{"id":576,"date":"2022-03-17T11:01:03","date_gmt":"2022-03-17T10:01:03","guid":{"rendered":"http:\/\/judo-cpnamur.be\/?p=576"},"modified":"2022-03-17T11:01:03","modified_gmt":"2022-03-17T10:01:03","slug":"cours-kata-sportif-dans-la-province","status":"publish","type":"post","link":"https:\/\/judo-cpnamur.be\/index.php\/2022\/03\/17\/cours-kata-sportif-dans-la-province\/","title":{"rendered":"Cours kata sportif dans la province"},"content":{"rendered":"<p>Cours d\u00e9centralis\u00e9s mensuels de KATA SPORTIF : province de Namur<\/p>\n<p>tous les premiers jeudis du mois de 19h30 \u00e0 21h00 au dojo du JC Sambreville.<!--more--><\/p>\n<p><img loading=\"lazy\" decoding=\"async\" class=\"alignnone wp-image-577 size-full\" src=\"http:\/\/judo-cpnamur.be\/wp-content\/uploads\/2022\/03\/Cours-provinciaux-Kata-Sportif-2022_vf-724x1024-1.jpg\" alt=\"\" width=\"724\" height=\"1024\" srcset=\"https:\/\/judo-cpnamur.be\/wp-content\/uploads\/2022\/03\/Cours-provinciaux-Kata-Sportif-2022_vf-724x1024-1.jpg 724w, https:\/\/judo-cpnamur.be\/wp-content\/uploads\/2022\/03\/Cours-provinciaux-Kata-Sportif-2022_vf-724x1024-1-212x300.jpg 212w\" sizes=\"auto, (max-width: 724px) 100vw, 724px\" \/><\/p>\n","protected":false},"excerpt":{"rendered":"<p>Cours d\u00e9centralis\u00e9s mensuels de KATA SPORTIF : province de Namur tous les premiers jeudis du mois de 19h30 \u00e0 21h00 au dojo du JC Sambreville.<\/p>\n","protected":false},"author":1,"featured_media":577,"comment_status":"closed","ping_status":"open","sticky":false,"template":"","format":"standard","meta":{"footnotes":""},"categories":[33],"tags":[],"class_list":["post-576","post","type-post","status-publish","format-standard","has-post-thumbnail","hentry","category-competition"],"yoast_head":"<!-- This site is optimized with the Yoast SEO plugin v18.0 - https:\/\/yoast.com\/wordpress\/plugins\/seo\/ -->\n<title>Cours kata sportif dans la province - Comit\u00e9 provincial namurois<\/title>\n<meta name=\"robots\" content=\"index, follow, max-snippet:-1, max-image-preview:large, max-video-preview:-1\" \/>\n<link rel=\"canonical\" href=\"https:\/\/judo-cpnamur.be\/index.php\/2022\/03\/17\/cours-kata-sportif-dans-la-province\/\" \/>\n<meta property=\"og:locale\" content=\"fr_FR\" \/>\n<meta property=\"og:type\" content=\"article\" \/>\n<meta property=\"og:title\" content=\"Cours kata sportif dans la province - Comit\u00e9 provincial namurois\" \/>\n<meta property=\"og:description\" content=\"Cours d\u00e9centralis\u00e9s mensuels de KATA SPORTIF : province de Namur tous les premiers jeudis du mois de 19h30 \u00e0 21h00 au dojo du JC Sambreville.\" \/>\n<meta property=\"og:url\" content=\"https:\/\/judo-cpnamur.be\/index.php\/2022\/03\/17\/cours-kata-sportif-dans-la-province\/\" \/>\n<meta property=\"og:site_name\" content=\"Comit\u00e9 provincial namurois\" \/>\n<meta property=\"article:published_time\" content=\"2022-03-17T10:01:03+00:00\" \/>\n<meta property=\"og:image\" content=\"https:\/\/judo-cpnamur.be\/wp-content\/uploads\/2022\/03\/Cours-provinciaux-Kata-Sportif-2022_vf-724x1024-1.jpg\" \/>\n\t<meta property=\"og:image:width\" content=\"724\" \/>\n\t<meta property=\"og:image:height\" content=\"1024\" \/>\n\t<meta property=\"og:image:type\" content=\"image\/jpeg\" \/>\n<meta name=\"twitter:card\" content=\"summary_large_image\" \/>\n<meta name=\"twitter:label1\" content=\"\u00c9crit par\" \/>\n\t<meta name=\"twitter:data1\" content=\"Comit\u00e9 provincial\" \/>\n<script type=\"application\/ld+json\" class=\"yoast-schema-graph\">{\"@context\":\"https:\/\/schema.org\",\"@graph\":[{\"@type\":\"Organization\",\"@id\":\"https:\/\/judo-cpnamur.be\/#organization\",\"name\":\"Comit\u00e9 provincial namurois de judo\",\"url\":\"https:\/\/judo-cpnamur.be\/\",\"sameAs\":[],\"logo\":{\"@type\":\"ImageObject\",\"@id\":\"https:\/\/judo-cpnamur.be\/#logo\",\"inLanguage\":\"fr-FR\",\"url\":\"http:\/\/judo-cpnamur.be\/wp-content\/uploads\/2021\/05\/logo1.jpg\",\"contentUrl\":\"http:\/\/judo-cpnamur.be\/wp-content\/uploads\/2021\/05\/logo1.jpg\",\"width\":336,\"height\":426,\"caption\":\"Comit\u00e9 provincial namurois de judo\"},\"image\":{\"@id\":\"https:\/\/judo-cpnamur.be\/#logo\"}},{\"@type\":\"WebSite\",\"@id\":\"https:\/\/judo-cpnamur.be\/#website\",\"url\":\"https:\/\/judo-cpnamur.be\/\",\"name\":\"Comit\u00e9 provincial namurois\",\"description\":\"Judo - Un club pr\u00e8s de chez vous\",\"publisher\":{\"@id\":\"https:\/\/judo-cpnamur.be\/#organization\"},\"potentialAction\":[{\"@type\":\"SearchAction\",\"target\":{\"@type\":\"EntryPoint\",\"urlTemplate\":\"https:\/\/judo-cpnamur.be\/?s={search_term_string}\"},\"query-input\":\"required name=search_term_string\"}],\"inLanguage\":\"fr-FR\"},{\"@type\":\"ImageObject\",\"@id\":\"https:\/\/judo-cpnamur.be\/index.php\/2022\/03\/17\/cours-kata-sportif-dans-la-province\/#primaryimage\",\"inLanguage\":\"fr-FR\",\"url\":\"https:\/\/judo-cpnamur.be\/wp-content\/uploads\/2022\/03\/Cours-provinciaux-Kata-Sportif-2022_vf-724x1024-1.jpg\",\"contentUrl\":\"https:\/\/judo-cpnamur.be\/wp-content\/uploads\/2022\/03\/Cours-provinciaux-Kata-Sportif-2022_vf-724x1024-1.jpg\",\"width\":724,\"height\":1024},{\"@type\":\"WebPage\",\"@id\":\"https:\/\/judo-cpnamur.be\/index.php\/2022\/03\/17\/cours-kata-sportif-dans-la-province\/#webpage\",\"url\":\"https:\/\/judo-cpnamur.be\/index.php\/2022\/03\/17\/cours-kata-sportif-dans-la-province\/\",\"name\":\"Cours kata sportif dans la province - Comit\u00e9 provincial namurois\",\"isPartOf\":{\"@id\":\"https:\/\/judo-cpnamur.be\/#website\"},\"primaryImageOfPage\":{\"@id\":\"https:\/\/judo-cpnamur.be\/index.php\/2022\/03\/17\/cours-kata-sportif-dans-la-province\/#primaryimage\"},\"datePublished\":\"2022-03-17T10:01:03+00:00\",\"dateModified\":\"2022-03-17T10:01:03+00:00\",\"breadcrumb\":{\"@id\":\"https:\/\/judo-cpnamur.be\/index.php\/2022\/03\/17\/cours-kata-sportif-dans-la-province\/#breadcrumb\"},\"inLanguage\":\"fr-FR\",\"potentialAction\":[{\"@type\":\"ReadAction\",\"target\":[\"https:\/\/judo-cpnamur.be\/index.php\/2022\/03\/17\/cours-kata-sportif-dans-la-province\/\"]}]},{\"@type\":\"BreadcrumbList\",\"@id\":\"https:\/\/judo-cpnamur.be\/index.php\/2022\/03\/17\/cours-kata-sportif-dans-la-province\/#breadcrumb\",\"itemListElement\":[{\"@type\":\"ListItem\",\"position\":1,\"name\":\"Accueil\",\"item\":\"https:\/\/judo-cpnamur.be\/\"},{\"@type\":\"ListItem\",\"position\":2,\"name\":\"Cours kata sportif dans la province\"}]},{\"@type\":\"Article\",\"@id\":\"https:\/\/judo-cpnamur.be\/index.php\/2022\/03\/17\/cours-kata-sportif-dans-la-province\/#article\",\"isPartOf\":{\"@id\":\"https:\/\/judo-cpnamur.be\/index.php\/2022\/03\/17\/cours-kata-sportif-dans-la-province\/#webpage\"},\"author\":{\"@id\":\"https:\/\/judo-cpnamur.be\/#\/schema\/person\/365f39c31896036a5bc783210604e445\"},\"headline\":\"Cours kata sportif dans la province\",\"datePublished\":\"2022-03-17T10:01:03+00:00\",\"dateModified\":\"2022-03-17T10:01:03+00:00\",\"mainEntityOfPage\":{\"@id\":\"https:\/\/judo-cpnamur.be\/index.php\/2022\/03\/17\/cours-kata-sportif-dans-la-province\/#webpage\"},\"wordCount\":31,\"publisher\":{\"@id\":\"https:\/\/judo-cpnamur.be\/#organization\"},\"image\":{\"@id\":\"https:\/\/judo-cpnamur.be\/index.php\/2022\/03\/17\/cours-kata-sportif-dans-la-province\/#primaryimage\"},\"thumbnailUrl\":\"https:\/\/judo-cpnamur.be\/wp-content\/uploads\/2022\/03\/Cours-provinciaux-Kata-Sportif-2022_vf-724x1024-1.jpg\",\"articleSection\":[\"Comp\u00e9titions\"],\"inLanguage\":\"fr-FR\"},{\"@type\":\"Person\",\"@id\":\"https:\/\/judo-cpnamur.be\/#\/schema\/person\/365f39c31896036a5bc783210604e445\",\"name\":\"Comit\u00e9 provincial\",\"sameAs\":[\"http:\/\/pttueos.cluster030.hosting.ovh.net\"],\"url\":\"https:\/\/judo-cpnamur.be\/index.php\/author\/admin3617\/\"}]}<\/script>\n<!-- \/ Yoast SEO plugin. -->","yoast_head_json":{"title":"Cours kata sportif dans la province - Comit\u00e9 provincial namurois","robots":{"index":"index","follow":"follow","max-snippet":"max-snippet:-1","max-image-preview":"max-image-preview:large","max-video-preview":"max-video-preview:-1"},"canonical":"https:\/\/judo-cpnamur.be\/index.php\/2022\/03\/17\/cours-kata-sportif-dans-la-province\/","og_locale":"fr_FR","og_type":"article","og_title":"Cours kata sportif dans la province - Comit\u00e9 provincial namurois","og_description":"Cours d\u00e9centralis\u00e9s mensuels de KATA SPORTIF : province de Namur tous les premiers jeudis du mois de 19h30 \u00e0 21h00 au dojo du JC Sambreville.","og_url":"https:\/\/judo-cpnamur.be\/index.php\/2022\/03\/17\/cours-kata-sportif-dans-la-province\/","og_site_name":"Comit\u00e9 provincial namurois","article_published_time":"2022-03-17T10:01:03+00:00","og_image":[{"width":724,"height":1024,"url":"https:\/\/judo-cpnamur.be\/wp-content\/uploads\/2022\/03\/Cours-provinciaux-Kata-Sportif-2022_vf-724x1024-1.jpg","type":"image\/jpeg"}],"twitter_card":"summary_large_image","twitter_misc":{"\u00c9crit par":"Comit\u00e9 provincial"},"schema":{"@context":"https:\/\/schema.org","@graph":[{"@type":"Organization","@id":"https:\/\/judo-cpnamur.be\/#organization","name":"Comit\u00e9 provincial namurois de judo","url":"https:\/\/judo-cpnamur.be\/","sameAs":[],"logo":{"@type":"ImageObject","@id":"https:\/\/judo-cpnamur.be\/#logo","inLanguage":"fr-FR","url":"http:\/\/judo-cpnamur.be\/wp-content\/uploads\/2021\/05\/logo1.jpg","contentUrl":"http:\/\/judo-cpnamur.be\/wp-content\/uploads\/2021\/05\/logo1.jpg","width":336,"height":426,"caption":"Comit\u00e9 provincial namurois de judo"},"image":{"@id":"https:\/\/judo-cpnamur.be\/#logo"}},{"@type":"WebSite","@id":"https:\/\/judo-cpnamur.be\/#website","url":"https:\/\/judo-cpnamur.be\/","name":"Comit\u00e9 provincial namurois","description":"Judo - Un club pr\u00e8s de chez vous","publisher":{"@id":"https:\/\/judo-cpnamur.be\/#organization"},"potentialAction":[{"@type":"SearchAction","target":{"@type":"EntryPoint","urlTemplate":"https:\/\/judo-cpnamur.be\/?s={search_term_string}"},"query-input":"required name=search_term_string"}],"inLanguage":"fr-FR"},{"@type":"ImageObject","@id":"https:\/\/judo-cpnamur.be\/index.php\/2022\/03\/17\/cours-kata-sportif-dans-la-province\/#primaryimage","inLanguage":"fr-FR","url":"https:\/\/judo-cpnamur.be\/wp-content\/uploads\/2022\/03\/Cours-provinciaux-Kata-Sportif-2022_vf-724x1024-1.jpg","contentUrl":"https:\/\/judo-cpnamur.be\/wp-content\/uploads\/2022\/03\/Cours-provinciaux-Kata-Sportif-2022_vf-724x1024-1.jpg","width":724,"height":1024},{"@type":"WebPage","@id":"https:\/\/judo-cpnamur.be\/index.php\/2022\/03\/17\/cours-kata-sportif-dans-la-province\/#webpage","url":"https:\/\/judo-cpnamur.be\/index.php\/2022\/03\/17\/cours-kata-sportif-dans-la-province\/","name":"Cours kata sportif dans la province - Comit\u00e9 provincial namurois","isPartOf":{"@id":"https:\/\/judo-cpnamur.be\/#website"},"primaryImageOfPage":{"@id":"https:\/\/judo-cpnamur.be\/index.php\/2022\/03\/17\/cours-kata-sportif-dans-la-province\/#primaryimage"},"datePublished":"2022-03-17T10:01:03+00:00","dateModified":"2022-03-17T10:01:03+00:00","breadcrumb":{"@id":"https:\/\/judo-cpnamur.be\/index.php\/2022\/03\/17\/cours-kata-sportif-dans-la-province\/#breadcrumb"},"inLanguage":"fr-FR","potentialAction":[{"@type":"ReadAction","target":["https:\/\/judo-cpnamur.be\/index.php\/2022\/03\/17\/cours-kata-sportif-dans-la-province\/"]}]},{"@type":"BreadcrumbList","@id":"https:\/\/judo-cpnamur.be\/index.php\/2022\/03\/17\/cours-kata-sportif-dans-la-province\/#breadcrumb","itemListElement":[{"@type":"ListItem","position":1,"name":"Accueil","item":"https:\/\/judo-cpnamur.be\/"},{"@type":"ListItem","position":2,"name":"Cours kata sportif dans la province"}]},{"@type":"Article","@id":"https:\/\/judo-cpnamur.be\/index.php\/2022\/03\/17\/cours-kata-sportif-dans-la-province\/#article","isPartOf":{"@id":"https:\/\/judo-cpnamur.be\/index.php\/2022\/03\/17\/cours-kata-sportif-dans-la-province\/#webpage"},"author":{"@id":"https:\/\/judo-cpnamur.be\/#\/schema\/person\/365f39c31896036a5bc783210604e445"},"headline":"Cours kata sportif dans la province","datePublished":"2022-03-17T10:01:03+00:00","dateModified":"2022-03-17T10:01:03+00:00","mainEntityOfPage":{"@id":"https:\/\/judo-cpnamur.be\/index.php\/2022\/03\/17\/cours-kata-sportif-dans-la-province\/#webpage"},"wordCount":31,"publisher":{"@id":"https:\/\/judo-cpnamur.be\/#organization"},"image":{"@id":"https:\/\/judo-cpnamur.be\/index.php\/2022\/03\/17\/cours-kata-sportif-dans-la-province\/#primaryimage"},"thumbnailUrl":"https:\/\/judo-cpnamur.be\/wp-content\/uploads\/2022\/03\/Cours-provinciaux-Kata-Sportif-2022_vf-724x1024-1.jpg","articleSection":["Comp\u00e9titions"],"inLanguage":"fr-FR"},{"@type":"Person","@id":"https:\/\/judo-cpnamur.be\/#\/schema\/person\/365f39c31896036a5bc783210604e445","name":"Comit\u00e9 provincial","sameAs":["http:\/\/pttueos.cluster030.hosting.ovh.net"],"url":"https:\/\/judo-cpnamur.be\/index.php\/author\/admin3617\/"}]}},"_links":{"self":[{"href":"https:\/\/judo-cpnamur.be\/index.php\/wp-json\/wp\/v2\/posts\/576","targetHints":{"allow":["GET"]}}],"collection":[{"href":"https:\/\/judo-cpnamur.be\/index.php\/wp-json\/wp\/v2\/posts"}],"about":[{"href":"https:\/\/judo-cpnamur.be\/index.php\/wp-json\/wp\/v2\/types\/post"}],"author":[{"embeddable":true,"href":"https:\/\/judo-cpnamur.be\/index.php\/wp-json\/wp\/v2\/users\/1"}],"replies":[{"embeddable":true,"href":"https:\/\/judo-cpnamur.be\/index.php\/wp-json\/wp\/v2\/comments?post=576"}],"version-history":[{"count":2,"href":"https:\/\/judo-cpnamur.be\/index.php\/wp-json\/wp\/v2\/posts\/576\/revisions"}],"predecessor-version":[{"id":579,"href":"https:\/\/judo-cpnamur.be\/index.php\/wp-json\/wp\/v2\/posts\/576\/revisions\/579"}],"wp:featuredmedia":[{"embeddable":true,"href":"https:\/\/judo-cpnamur.be\/index.php\/wp-json\/wp\/v2\/media\/577"}],"wp:attachment":[{"href":"https:\/\/judo-cpnamur.be\/index.php\/wp-json\/wp\/v2\/media?parent=576"}],"wp:term":[{"taxonomy":"category","embeddable":true,"href":"https:\/\/judo-cpnamur.be\/index.php\/wp-json\/wp\/v2\/categories?post=576"},{"taxonomy":"post_tag","embeddable":true,"href":"https:\/\/judo-cpnamur.be\/index.php\/wp-json\/wp\/v2\/tags?post=576"}],"curies":[{"name":"wp","href":"https:\/\/api.w.org\/{rel}","templated":true}]}}